{"id":169,"date":"2017-05-25T10:41:00","date_gmt":"2017-05-25T08:41:00","guid":{"rendered":"https:\/\/futuredem.org\/?p=169"},"modified":"2021-11-05T10:43:58","modified_gmt":"2021-11-05T09:43:58","slug":"vaccini-una-nuova-sfida-nella-gestione-della-sanita","status":"publish","type":"post","link":"https:\/\/futuredem.org\/index.php\/2017\/05\/25\/vaccini-una-nuova-sfida-nella-gestione-della-sanita\/","title":{"rendered":"Vaccini: una nuova sfida nella gestione della sanit\u00e0"},"content":{"rendered":"\n<p><em>A cura di Luigi Petruzzo<\/em><\/p>\n\n\n\n<p><\/p>\n\n\n\n<p>Febbre, cefalea, lombalgia, dolori addominali, eruzione esantematica maculo-papulare su volto, braccia, tronco e gambe, vomito, ulcere alla mucosa orofaringea, lesioni cutanee che evolvono prima nella forma vescicolare e poi nella postulosa fino alla comparsa di croste che cadendo non permettono la restitutio ad integrum e lasciano gravi cicatrici crateriformi&#8230; la morte sopraggiunge per la risposta infiammatoria massiva responsabile di shock da insufficienza multiorgano. Sembrano sintomi e complicanze mostruose eppure stiamo parlando di una delle malattie pi\u00f9 diffuse di tutti i tempi: <strong>il vaiolo<\/strong>.<\/p>\n\n\n\n<p>Il virus si faceva spazio tra le varie epidemie mietendo moltissime vittime, un parassita intracellulare obbligato di cui oggi non esiste minima traccia. <strong>Questa malattia non \u00e8 scomparsa per magia dal globo terrestre, ma \u00e8 stato uno dei successi pi\u00f9 grandi della storia della medicina: l&#8217;OMS nel 1979 ha dichiarato il vaiolo eradicato dal mondo<\/strong>. Un successo ottenuto solo ed unicamente grazie ad un programma globale di vaccinazione messo a punto dall&#8217;istituto mondiale di sanit\u00e0.<\/p>\n\n\n\n<p>Il direttore generale dell\u2019OMS dell\u2019epoca Halfdan Mahler defin\u00ec l&#8217;annientamento del vaiolo come \u201cun trionfo dell\u2019organizzazione e della gestione sanitaria, non della medicina\u201d. Parole pronunciate in occasione di un meeting in Kenya al quale partecipava anche il direttore del programma di eradicazione Donald Henderson. <strong>Gli fu chiesto quale fosse la prossima malattia da sconfiggere. Henderson prese il microfono e rispose: \u201cla cattiva gestione della sanit\u00e0\u201d.&nbsp;<\/strong><\/p>\n\n\n\n<p>Il secondo obiettivo dell&#8217;OMS \u00e8 stato quello di debellare completamente la poliomielite dalla quale l&#8217;Italia \u00e8 stata dichiarata libera grazie alla vaccinazione prima ad opera di Sabin e poi di Salk.&nbsp;<\/p>\n\n\n\n<p>Il terzo obiettivo dell&#8217;OMS sarebbe stato il morbillo, ma i dati epidemiologici parlano chiaro. L&#8217;ultimo bollettino del 21 maggio 2017 da parte del sistema di sorveglianza annuncia 2581 casi di morbillo in soggetti non vaccinati o con somministrazione di una singola dose del vaccino, rispetto ai 650 casi riportati in tutto il 2016. Una sconfitta per la promozione della nostra salute e soprattutto di quella delle generazioni future.&nbsp;<\/p>\n\n\n\n<p><strong>A causa della diffusione di bufale e falsi miti, spesso alimentati da ingiustificati allarmismi mediatici, si sono terribilmente abbassati i livelli di copertura vaccinale rendendo concreto il ritorno di malattie mortali debellate da tempo.<\/strong><\/p>\n\n\n\n<p>Opportunamente <strong>lo scorso 19 maggio il Consiglio dei Ministri ha approvato un decreto-legge che introduce l&#8217;obbligo delle vaccinazioni per l\u2019accesso a scuola<\/strong>, alzando a 12 le vaccinazioni obbligatorie, in coerenza con il Piano nazionale di prevenzione vaccinale.<\/p>\n\n\n\n<p>Il provvedimento cerca di superare la parziale frammentazione della normativa vigente e vuole garantire in maniera omogenea su tutto il territorio nazionale le attivit\u00e0 volte a prevenire e ridurre i rischi per la salute pubblica legati alla sicurezza epidemiologica in termini appunto di profilassi e di copertura vaccinale.<\/p>\n\n\n\n<p>Resta aperta la possibilit\u00e0 di omettere o differire la vaccinazione, ma soltanto in ipotesi specifiche quali ad esempio il pericolo per la salute, che deve essere comunque documentato.<\/p>\n\n\n\n<p>Bisogner\u00e0 certamente monitorarne l&#8217;applicazione, ma l&#8217;intervento delle istituzioni rappresenta un importante passo verso una sempre migliore gestione della sanit\u00e0 pubblica.<\/p>\n","protected":false},"excerpt":{"rendered":"<p class=\"qua-blog-post-description\">A cura di Luigi Petruzzo Febbre, cefalea, lombalgia, dolori addominali, eruzione esantematica maculo-papulare su volto, braccia, tronco e gambe, vomito, ulcere alla mucosa orofaringea, lesioni cutanee che evolvono prima nella forma vescicolare e poi nella postulosa fino alla comparsa di croste che cadendo non permettono la restitutio ad integrum e lasciano gravi cicatrici crateriformi&#8230; la [&hellip;]<\/p>\n","protected":false},"author":1,"featured_media":170,"comment_status":"closed","ping_status":"closed","sticky":false,"template":"","format":"standard","meta":{"footnotes":""},"categories":[5],"tags":[],"class_list":["post-169","post","type-post","status-publish","format-standard","has-post-thumbnail","hentry","category-articoli"],"_links":{"self":[{"href":"https:\/\/futuredem.org\/index.php\/wp-json\/wp\/v2\/posts\/169","targetHints":{"allow":["GET"]}}],"collection":[{"href":"https:\/\/futuredem.org\/index.php\/wp-json\/wp\/v2\/posts"}],"about":[{"href":"https:\/\/futuredem.org\/index.php\/wp-json\/wp\/v2\/types\/post"}],"author":[{"embeddable":true,"href":"https:\/\/futuredem.org\/index.php\/wp-json\/wp\/v2\/users\/1"}],"replies":[{"embeddable":true,"href":"https:\/\/futuredem.org\/index.php\/wp-json\/wp\/v2\/comments?post=169"}],"version-history":[{"count":1,"href":"https:\/\/futuredem.org\/index.php\/wp-json\/wp\/v2\/posts\/169\/revisions"}],"predecessor-version":[{"id":171,"href":"https:\/\/futuredem.org\/index.php\/wp-json\/wp\/v2\/posts\/169\/revisions\/171"}],"wp:featuredmedia":[{"embeddable":true,"href":"https:\/\/futuredem.org\/index.php\/wp-json\/wp\/v2\/media\/170"}],"wp:attachment":[{"href":"https:\/\/futuredem.org\/index.php\/wp-json\/wp\/v2\/media?parent=169"}],"wp:term":[{"taxonomy":"category","embeddable":true,"href":"https:\/\/futuredem.org\/index.php\/wp-json\/wp\/v2\/categories?post=169"},{"taxonomy":"post_tag","embeddable":true,"href":"https:\/\/futuredem.org\/index.php\/wp-json\/wp\/v2\/tags?post=169"}],"curies":[{"name":"wp","href":"https:\/\/api.w.org\/{rel}","templated":true}]}}