{"id":178,"date":"2021-08-13T10:57:00","date_gmt":"2021-08-13T08:57:00","guid":{"rendered":"https:\/\/futuredem.org\/?p=178"},"modified":"2021-11-25T08:55:44","modified_gmt":"2021-11-25T07:55:44","slug":"simone-biles-la-forza-della-fragilita","status":"publish","type":"post","link":"https:\/\/futuredem.org\/index.php\/2021\/08\/13\/simone-biles-la-forza-della-fragilita\/","title":{"rendered":"Simone Biles: la forza della fragilit\u00e0"},"content":{"rendered":"\n<p><em>A cura di Matteo Martignani<\/em><\/p>\n\n\n\n<p><\/p>\n\n\n\n<p>Si sono concluse da poco le Olimpiadi di Tokyo. Queste Olimpiadi rimarranno nella memoria collettiva degli italiani per le splendide 40 medaglie, tra cui 10 d\u2019oro che l\u2019Italia multietnica ha fatto proprie con emozione, tenacia, unit\u00e0 e senso di appartenenza.<\/p>\n\n\n\n<p>Speriamo che molti ricorderanno anche le parole di denuncia di <strong>Simone Biles,<\/strong> la ginnasta \u201cpi\u00f9 grande di tutti i tempi\u201d.<strong> All\u2019inizio dei Giochi, colpita dal pesante fenomeno dei \u201ctwisties\u201d, ha sospeso la propria partecipazione alle gare affermando di voler dare priorit\u00e0 alla sua salute mentale. <\/strong>\u00c8 poi tornata in pedana per la finale di specialit\u00e0 alla trave, in cui \u00e8 peraltro riuscita, lasciando il mondo sbalordito, a salire sul podio.<\/p>\n\n\n\n<p>Quanta umanit\u00e0 nelle parole e nella storia di Simone Biles! Il pubblico aveva avuto modo di conoscerla come atleta &#8220;invincibile&#8221; a Rio de Janeiro e, <strong>come per tutti i grandi dello sport, aveva pensato che lei fosse una supereroina, <\/strong>negandole cos\u00ec di fatto, senza rendersene conto, il diritto a provare ogni tipo di emozione negativa o problematica.<\/p>\n\n\n\n<p>A Tokyo Simone ha scosso il torpore delle coscienze, senza che i media come spesso accade (lo eliminerei) mettessero debitamente in risalto il suo racconto.<\/p>\n\n\n\n<p><strong>Peraltro, non si pu\u00f2 escludere che una parte delle difficolt\u00e0 che oggi incontra sia dovuta agli anni di abusi subiti dall\u2019ex osteopata della nazionale statunitense di ginnastica artistica Larry Nassar<\/strong>: un caso emerso nel periodo del \u201cMe Too\u201d, facendo venire alla luce tutto l\u2019orrore che si celava dietro le perfette performance internazionali delle ginnaste migliori del mondo.<\/p>\n\n\n\n<p>Oggi le problematiche mentali sono ancora sinonimo di solitudine: si cerca di negarne l&#8217;esistenza o di farle cadere nell&#8217;indifferenza o si sostiene che coinvolgano poche persone disadattate o avulse dal contesto sociale. Cos\u00ec nemmeno se ne parla, ghettizzando una condizione sempre pi\u00f9 diffusa e alimentando un circolo vizioso di scarsa conoscenza e diffusa disinformazione.<\/p>\n\n\n\n<p>In realt\u00e0, tali problematiche coinvolgono molte pi\u00f9 persone di quanto si pensi. Anzitutto le fragilit\u00e0 mentali non sono tutte uguali: come nelle altre patologie, esistono forme pi\u00f9 o meno gravi. <strong>Spesso dimentichiamo che le persone con disturbi di questo tipo sono esseri umani con la propria storia, i propri affetti, il proprio <\/strong><strong><em>background <\/em><\/strong><strong>e i propri sogni, che lottano ogni giorno per conquistare una presunta &#8220;normalit\u00e0&#8221;, spesso celando al mondo i propri malesseri.<\/strong><\/p>\n\n\n\n<p>Per questo, oltre ai trionfi sportivi meritati dell\u2019Italia, dobbiamo ricordarci che queste sono state anche le Olimpiadi di Simone Biles, che ha avuto il merito di portare questo argomento all\u2019attenzione dell\u2019opinione pubblica internazionale. Qualcuno penser\u00e0 che si tratti dell\u2019ennesima forma di debolezza pubblicizzata; al contrario, questa atleta ha mostrato a tutti l\u2019importanza di parlare apertamente di questi temi, di abbattere lo stigma, di fare informazione e di promuovere l\u2019approfondimento di fenomeni cos\u00ec complessi.&nbsp;<\/p>\n\n\n\n<p>La sua, infine, non pu\u00f2 e non deve restare \u201cuna voce che grida nel deserto\u201d, ma deve rappresentare un passo avanti verso una consapevolezza diffusa, verso una cultura della comprensione e dell\u2019inclusione.<\/p>\n\n\n\n<p><strong>Come FutureDem ci stiamo impegnando con un apposito progetto, al fine di dare voce alle tante Simone Biles che non hanno un podio internazionale dal quale raccontare la propria storia, affinch\u00e9 nessuno, ma proprio nessun cittadino, rimanga indietro o si senta solo.<\/strong><\/p>\n","protected":false},"excerpt":{"rendered":"<p class=\"qua-blog-post-description\">per le splendide 40 medaglie, tra cui 10 d\u2019oro che l\u2019Italia multietnica ha fatto proprie con emozione, tenacia, unit\u00e0 e senso di appartenenza.<\/p>\n","protected":false},"author":1,"featured_media":179,"comment_status":"closed","ping_status":"closed","sticky":false,"template":"","format":"standard","meta":{"footnotes":""},"categories":[5,4,8],"tags":[],"class_list":["post-178","post","type-post","status-publish","format-standard","has-post-thumbnail","hentry","category-articoli","category-sanita","category-usa"],"_links":{"self":[{"href":"https:\/\/futuredem.org\/index.php\/wp-json\/wp\/v2\/posts\/178","targetHints":{"allow":["GET"]}}],"collection":[{"href":"https:\/\/futuredem.org\/index.php\/wp-json\/wp\/v2\/posts"}],"about":[{"href":"https:\/\/futuredem.org\/index.php\/wp-json\/wp\/v2\/types\/post"}],"author":[{"embeddable":true,"href":"https:\/\/futuredem.org\/index.php\/wp-json\/wp\/v2\/users\/1"}],"replies":[{"embeddable":true,"href":"https:\/\/futuredem.org\/index.php\/wp-json\/wp\/v2\/comments?post=178"}],"version-history":[{"count":2,"href":"https:\/\/futuredem.org\/index.php\/wp-json\/wp\/v2\/posts\/178\/revisions"}],"predecessor-version":[{"id":492,"href":"https:\/\/futuredem.org\/index.php\/wp-json\/wp\/v2\/posts\/178\/revisions\/492"}],"wp:featuredmedia":[{"embeddable":true,"href":"https:\/\/futuredem.org\/index.php\/wp-json\/wp\/v2\/media\/179"}],"wp:attachment":[{"href":"https:\/\/futuredem.org\/index.php\/wp-json\/wp\/v2\/media?parent=178"}],"wp:term":[{"taxonomy":"category","embeddable":true,"href":"https:\/\/futuredem.org\/index.php\/wp-json\/wp\/v2\/categories?post=178"},{"taxonomy":"post_tag","embeddable":true,"href":"https:\/\/futuredem.org\/index.php\/wp-json\/wp\/v2\/tags?post=178"}],"curies":[{"name":"wp","href":"https:\/\/api.w.org\/{rel}","templated":true}]}}