{"id":289,"date":"2020-03-17T15:05:00","date_gmt":"2020-03-17T14:05:00","guid":{"rendered":"https:\/\/futuredem.org\/?p=289"},"modified":"2021-11-08T15:06:53","modified_gmt":"2021-11-08T14:06:53","slug":"emergenza-covid","status":"publish","type":"post","link":"https:\/\/futuredem.org\/index.php\/2020\/03\/17\/emergenza-covid\/","title":{"rendered":"Emergenza Covid"},"content":{"rendered":"\n<p>L\u2019emergenza sanitaria causata dal COVID-19 \u00e8 una prova durissima per il nostro Paese, che investe con forza innanzitutto il piano della salute, ma produce tanti altri effetti: le ripercussioni economiche, le preoccupazioni in tema di lavoro, le angosce delle famiglie, la tenuta psicologica dei cittadini.<br><br>Tutti siamo chiamati a rispondere con senso di responsabilit\u00e0 e a osservare le indicazioni del Governo, della Protezione civile e delle Regioni per contenere il pi\u00f9 possibile la diffusione del contagio.<br><br><strong>Siamo grati a tutti coloro che in questo momento difficile sono in trincea come il personale sanitario, le forze di polizia e chi ha determinati ruoli pubblici, cos\u00ec come a chi deve uscire di casa per garantire un servizio essenziale oppure ancora sta facendo la propria parte in farmacia, al supermercato, in fabbrica o magari a casa.<\/strong><br><br>Noi FutureDem abbiamo fatto da tempo la \u201cscelta di vita\u201d di portare avanti un impegno pubblico, investendo una parte importante del nostro tempo e delle nostre energie per la collettivit\u00e0: <strong>anche in questa situazione, senza grandi retoriche, continueremo a far sentire la nostra voce attraverso i canali dell\u2019associazione, cercando di arrivare anche a qualcuno che vuole spendere un po\u2019 di tempo per approfondire o distrarsi&#8230;<\/strong><br><br>Oggi \u00e8 il 17 marzo e si ricorda l\u2019unit\u00e0 di Italia. In questi 159 anni il nostro Paese ha affrontato tante difficolt\u00e0, sapendo spesso reagire con energia, capacit\u00e0 e orgoglio: sapr\u00e0 farlo anche questa volta, se ciascuno far\u00e0 la propria parte.<\/p>\n","protected":false},"excerpt":{"rendered":"<p class=\"qua-blog-post-description\">L\u2019emergenza sanitaria causata dal COVID-19 \u00e8 una prova durissima per il nostro Paese, che investe con forza innanzitutto il piano della salute, ma produce tanti altri effetti: le ripercussioni economiche, le preoccupazioni in tema di lavoro, le angosce delle famiglie, la tenuta psicologica dei cittadini. Tutti siamo chiamati a rispondere con senso di responsabilit\u00e0 e [&hellip;]<\/p>\n","protected":false},"author":1,"featured_media":290,"comment_status":"closed","ping_status":"closed","sticky":false,"template":"","format":"standard","meta":{"footnotes":""},"categories":[5],"tags":[],"class_list":["post-289","post","type-post","status-publish","format-standard","has-post-thumbnail","hentry","category-articoli"],"_links":{"self":[{"href":"https:\/\/futuredem.org\/index.php\/wp-json\/wp\/v2\/posts\/289","targetHints":{"allow":["GET"]}}],"collection":[{"href":"https:\/\/futuredem.org\/index.php\/wp-json\/wp\/v2\/posts"}],"about":[{"href":"https:\/\/futuredem.org\/index.php\/wp-json\/wp\/v2\/types\/post"}],"author":[{"embeddable":true,"href":"https:\/\/futuredem.org\/index.php\/wp-json\/wp\/v2\/users\/1"}],"replies":[{"embeddable":true,"href":"https:\/\/futuredem.org\/index.php\/wp-json\/wp\/v2\/comments?post=289"}],"version-history":[{"count":1,"href":"https:\/\/futuredem.org\/index.php\/wp-json\/wp\/v2\/posts\/289\/revisions"}],"predecessor-version":[{"id":291,"href":"https:\/\/futuredem.org\/index.php\/wp-json\/wp\/v2\/posts\/289\/revisions\/291"}],"wp:featuredmedia":[{"embeddable":true,"href":"https:\/\/futuredem.org\/index.php\/wp-json\/wp\/v2\/media\/290"}],"wp:attachment":[{"href":"https:\/\/futuredem.org\/index.php\/wp-json\/wp\/v2\/media?parent=289"}],"wp:term":[{"taxonomy":"category","embeddable":true,"href":"https:\/\/futuredem.org\/index.php\/wp-json\/wp\/v2\/categories?post=289"},{"taxonomy":"post_tag","embeddable":true,"href":"https:\/\/futuredem.org\/index.php\/wp-json\/wp\/v2\/tags?post=289"}],"curies":[{"name":"wp","href":"https:\/\/api.w.org\/{rel}","templated":true}]}}